[{"@context":"https:\/\/schema.org\/","@type":"Article","@id":"https:\/\/www.rinox.cz\/co-nam-stat-da\/#Article","mainEntityOfPage":"https:\/\/www.rinox.cz\/co-nam-stat-da\/","headline":"Co n\u00e1m st\u00e1t d\u00e1?","name":"Co n\u00e1m st\u00e1t d\u00e1?","description":"V\u00fdpo\u010det v\u00fd\u0161e d\u016fchodu se od roku 2009 zm\u011bnil. Posunul reduk\u010dn\u00ed hranice a zm\u011bnil procenta pro zahrnut\u00ed v\u00fdd\u011blku do vym\u011b\u0159ovac\u00edho z\u00e1kladu. V sou\u010dasn\u00e9 dob\u011b je to 26 a 22 %. Pamatuji, jak lid\u00e9 odch\u00e1zeli do p\u0159ed\u010dasn\u00e9 penze, proto\u017ee se jim to vyplatilo. Doufejme, \u017ee n\u011bco takov\u00e9ho, co by zhor\u0161ovalo pozici budouc\u00edch penzist\u016f u\u017e nenastane. Nejl\u00e9pe ud\u011bl\u00e1te, kdy\u017e se vyprav\u00edte na m\u00edstn\u011b [&hellip;]","datePublished":"2024-11-17","dateModified":"2024-11-17","author":{"@type":"Person","@id":"https:\/\/www.rinox.cz\/author\/#Person","name":"","url":"https:\/\/www.rinox.cz\/author\/","identifier":1,"image":{"@type":"ImageObject","@id":"https:\/\/secure.gravatar.com\/avatar\/831abbcc684823965c5caa39ae4561083127c8aedfe9e524c6cecc176998c733?s=96&d=mm&r=g","url":"https:\/\/secure.gravatar.com\/avatar\/831abbcc684823965c5caa39ae4561083127c8aedfe9e524c6cecc176998c733?s=96&d=mm&r=g","height":96,"width":96}},"publisher":{"@type":"Organization","name":"rinox.cz","logo":{"@type":"ImageObject","@id":"\/logo.png","url":"\/logo.png","width":600,"height":60}},"url":"https:\/\/www.rinox.cz\/co-nam-stat-da\/","wordCount":179,"articleBody":"V\u00fdpo\u010det v\u00fd\u0161e d\u016fchodu se od roku 2009 zm\u011bnil. Posunul reduk\u010dn\u00ed hranice a zm\u011bnil procenta pro zahrnut\u00ed v\u00fdd\u011blku do vym\u011b\u0159ovac\u00edho z\u00e1kladu. V sou\u010dasn\u00e9 dob\u011b je to 26 a 22 %. Pamatuji, jak lid\u00e9 odch\u00e1zeli do p\u0159ed\u010dasn\u00e9 penze, proto\u017ee se jim to vyplatilo. Doufejme, \u017ee n\u011bco takov\u00e9ho, co by zhor\u0161ovalo pozici budouc\u00edch penzist\u016f u\u017e nenastane. Nejl\u00e9pe ud\u011bl\u00e1te, kdy\u017e se vyprav\u00edte na m\u00edstn\u011b p\u0159\u00edslu\u0161nou OSSZ a tam V\u00e1m v\u0161e vysv\u011btl\u00ed.\tBudoucnost penzist\u016fV\u00fd\u0161i d\u016fchodu ovliv\u0148uje krom\u011b v\u00fdd\u011blk\u016f tak\u00e9 doba poji\u0161t\u011bn\u00ed, kter\u00e1 se neust\u00e1le zvy\u0161uje. Sm\u016flu maj\u00ed vysoko\u0161kol\u00e1ci studuj\u00edc\u00ed po roce 2010, kdy sice pojistn\u00e9 neplat\u00ed, ale doba studia se do doby poji\u0161t\u011bn\u00ed nebude zapo\u010d\u00edt\u00e1vat. Vypad\u00e1 to, \u017ee budou muset pracovat neust\u00e1le, pop\u0159\u00edpad\u011b p\u0159i nespln\u011bn\u00ed podm\u00ednky 35 let poji\u0161t\u011bn\u00ed, pracovat d\u00e9le ne\u017e by m\u011bli n\u00e1rok na odchod do penze.                                                                                                                                                                                                                                                                                                                                                                                        5\/5 - (1 vote)        "},{"@context":"https:\/\/schema.org\/","@type":"BreadcrumbList","itemListElement":[{"@type":"ListItem","position":1,"name":"Co n\u00e1m st\u00e1t d\u00e1?","item":"https:\/\/www.rinox.cz\/co-nam-stat-da\/#breadcrumbitem"}]}]